{"id":7237,"date":"2018-05-07T10:38:26","date_gmt":"2018-05-07T10:38:26","guid":{"rendered":"http:\/\/www.ihrda.org\/?p=7237"},"modified":"2018-05-07T10:38:26","modified_gmt":"2018-05-07T10:38:26","slug":"communique-de-presse-les-osc-africaines-appellent-les-etats-membres-de-lua-a-soutenir-ladoption-dun-protocole-sur-le-droit-a-la-nationalite-en-afrique","status":"publish","type":"post","link":"https:\/\/www.ihrda.org\/fr\/2018\/05\/communique-de-presse-les-osc-africaines-appellent-les-etats-membres-de-lua-a-soutenir-ladoption-dun-protocole-sur-le-droit-a-la-nationalite-en-afrique\/","title":{"rendered":"Communiqu\u00e9 de presse: Les OSC africaines appellent les Etats membres de l&rsquo;UA \u00e0 soutenir l&rsquo;adoption d&rsquo;un Protocole sur le droit \u00e0 la nationalit\u00e9 en Afrique"},"content":{"rendered":"<p style=\"text-align: justify;\"><strong><em>Le 7 mai 2018<\/em><\/strong><\/p>\n<p style=\"text-align: justify;\">\u00ab\u00a0Les Etats africains devraient saisir l&rsquo;opportunit\u00e9 d&rsquo;\u00e9tablir des normes claires sur la reconnaissance de la nationalit\u00e9 et l&rsquo;\u00e9radication de l&rsquo;apatridie\u00a0\u00bb, r\u00e9clame une Coalition d&rsquo;organisations de la soci\u00e9t\u00e9 civile africaine travaillant sur la question.<\/p>\n<p style=\"text-align: justify;\">Les \u00c9tats membres se r\u00e9unissent \u00e0 Abidjan, du 7 au 11 mai 2018, pour d\u00e9lib\u00e9rer sur le texte d&rsquo;un projet de protocole \u00e0 la Charte africaine des droits de l&rsquo;homme et des peuples sur des aspects sp\u00e9cifiques du droit \u00e0 la nationalit\u00e9 et l&rsquo;\u00e9radication de l&rsquo;apatridie en Afrique.<\/p>\n<p style=\"text-align: justify;\">Le projet de protocole a \u00e9t\u00e9 adopt\u00e9 par la Commission africaine des droits de l&rsquo;homme et des peuples en 2015 et formellement soumis \u00e0 l&rsquo;Union africaine en mai 2017.<\/p>\n<p style=\"text-align: justify;\">Les d\u00e9tails sur\u00a0<a href=\"http:\/\/www.ihrda.org\/wp-content\/uploads\/2018\/05\/Communiqu\u00e9-de-presse-sur-la-r\u00e9union-dAbidjan-Protocole-Nationalit\u00e9-Apatridie-mai-2018.pdf\">Communiqu\u00e9 de presse sur la r\u00e9union d&rsquo;Abidjan &#8211; Protocole Nationalit\u00e9-Apatridie &#8211; mai 2018<\/a><\/p>\n","protected":false},"excerpt":{"rendered":"<p>Le 7 mai 2018 \u00ab\u00a0Les Etats africains devraient saisir l&rsquo;opportunit\u00e9 d&rsquo;\u00e9tablir des normes claires sur la reconnaissance de la nationalit\u00e9 et l&rsquo;\u00e9radication de l&rsquo;apatridie\u00a0\u00bb, r\u00e9clame&#8230;<\/p>\n","protected":false},"author":7,"featured_media":0,"comment_status":"closed","ping_status":"closed","sticky":false,"template":"","format":"standard","meta":{"footnotes":""},"categories":[219,62],"tags":[],"_links":{"self":[{"href":"https:\/\/www.ihrda.org\/fr\/wp-json\/wp\/v2\/posts\/7237"}],"collection":[{"href":"https:\/\/www.ihrda.org\/fr\/wp-json\/wp\/v2\/posts"}],"about":[{"href":"https:\/\/www.ihrda.org\/fr\/wp-json\/wp\/v2\/types\/post"}],"author":[{"embeddable":true,"href":"https:\/\/www.ihrda.org\/fr\/wp-json\/wp\/v2\/users\/7"}],"replies":[{"embeddable":true,"href":"https:\/\/www.ihrda.org\/fr\/wp-json\/wp\/v2\/comments?post=7237"}],"version-history":[{"count":1,"href":"https:\/\/www.ihrda.org\/fr\/wp-json\/wp\/v2\/posts\/7237\/revisions"}],"predecessor-version":[{"id":7243,"href":"https:\/\/www.ihrda.org\/fr\/wp-json\/wp\/v2\/posts\/7237\/revisions\/7243"}],"wp:attachment":[{"href":"https:\/\/www.ihrda.org\/fr\/wp-json\/wp\/v2\/media?parent=7237"}],"wp:term":[{"taxonomy":"category","embeddable":true,"href":"https:\/\/www.ihrda.org\/fr\/wp-json\/wp\/v2\/categories?post=7237"},{"taxonomy":"post_tag","embeddable":true,"href":"https:\/\/www.ihrda.org\/fr\/wp-json\/wp\/v2\/tags?post=7237"}],"curies":[{"name":"wp","href":"https:\/\/api.w.org\/{rel}","templated":true}]}}