{"id":7188,"date":"2018-04-24T16:19:12","date_gmt":"2018-04-24T16:19:12","guid":{"rendered":"http:\/\/www.ihrda.org\/?p=7188"},"modified":"2018-04-24T16:53:09","modified_gmt":"2018-04-24T16:53:09","slug":"declartation-dihrda-sur-le-trafic-denfants-au-cameroun-et-dans-beaucoup-de-pays-africains-a-loccasion-de-la-31eme-session-ordinaire-du-caedbe","status":"publish","type":"post","link":"https:\/\/www.ihrda.org\/fr\/2018\/04\/declartation-dihrda-sur-le-trafic-denfants-au-cameroun-et-dans-beaucoup-de-pays-africains-a-loccasion-de-la-31eme-session-ordinaire-du-caedbe\/","title":{"rendered":"D\u00e9clartation d&rsquo;IHRDA sur le trafic d&rsquo;enfants au Cameroun\u00a0et dans beaucoup de pays\u00a0africains\u00a0\u00e0 l\u2019occasion de la 31\u00e8me\u00a0Session ordinaire du CAEDBE"},"content":{"rendered":"<p><em><strong>Le 24 avril 2018<\/strong><\/em><\/p>\n<p style=\"text-align: justify;\">Madame la Pr\u00e9sidente du Comit\u00e9,<\/p>\n<p style=\"text-align: justify;\">Mesdames et Messieurs les Membres du Comit\u00e9,<\/p>\n<p style=\"text-align: justify;\">Distingu\u00e9s Participants\u00a0;<\/p>\n<p style=\"text-align: justify;\">L\u2019Institut pour les Droits de l\u2019Homme et D\u00e9veloppement en Afrique souhaite porter \u00e0 l\u2019attention du Comit\u00e9 notre pr\u00e9occupation par rapport au trafic d\u2019enfants particuli\u00e8rement au Cameroun et dans de nombreux pays africains. L\u2019enl\u00e8vement et le trafic d\u2019enfants ont consid\u00e9rablement augment\u00e9 au Cameroun et au sein des pays de l\u2019Afrique centrale ces derni\u00e8res ann\u00e9es. Nombreux de ces crimes sont perp\u00e9tr\u00e9s par des couples sans enfants et \u00ab\u00a0hommes d\u2019affaires\u00a0\u00bb qui utilisent ces enfants dans le commerce du sexe et le trafic d\u2019organes humains. Ils transportent ces enfants tr\u00e8s loin de leur localit\u00e9 et les acculent \u00e0 voler, mendier et transporter de la\u00a0 drogue.<\/p>\n<p style=\"text-align: justify;\">En date du 3 mars 2018, trois corps d\u2019enfants \u00e2g\u00e9s de deux, quatre et sept ans ont \u00e9t\u00e9 trouv\u00e9s \u00e0 bord d\u2019un v\u00e9hicule dans la ville de Kiossi frontali\u00e8re avec le Gabon et la Guin\u00e9e Equatoriale. Apr\u00e8s l\u2019envahissement de l\u2019auberge appartenant \u00e0 l\u2019un des trafiquants par la population en \u00e9bullition de nervosit\u00e9, un\u00a0 groupe d\u2019enfant a \u00e9t\u00e9 secouru par les forces de l\u2019ordre du Cameroun. Selon un cadre administratif dans le D\u00e9partement de la Vall\u00e9e du Ntem, les trafiquants avaient enlev\u00e9 ces enfants avant de les conduire \u00e0 une auberge \u00a0situ\u00e9e dans un quartier situ\u00e9 au fin fond de la ville de Kiossi. Ils leur ont administr\u00e9 des produits toxiques qui ont occasionn\u00e9 leur d\u00e9c\u00e8s. \u00a0Ils ont ensuite mis ces corps sans vie dans de sacs emball\u00e9s avant de les placer dans le capot derri\u00e8re de leur voiture. Le m\u00eame cadre a r\u00e9v\u00e9l\u00e9 qu\u2019il a \u00e9t\u00e9 arr\u00eat\u00e9 quinze suspects accus\u00e9s de faire partie d\u2019une bande de trafiquants d\u2019enfants au Cameroun, au Gabon, en Guin\u00e9e Equatoriale et en R\u00e9publique du Congo.<\/p>\n<p style=\"text-align: justify;\">Ce trafic d\u2019enfants refait surface apr\u00e8s presque deux ans que le Bureau d\u2019Interpol bas\u00e9 \u00e0 Yaound\u00e9 pour toute l\u2019Afrique Centrale avait rendu public en 2016 un rapport selon lequel des milliers d\u2019enfants, femmes et hommes avaient \u00e9t\u00e9 enr\u00f4l\u00e9s de force au Cameroun, au Tchad, au Gabon, en R\u00e9publique Centre Africaine, en R\u00e9publique du Congo et en Guin\u00e9e Equatoriale pour aller servir comme combattants de Boko Haram au Nord du Cameroun, comme cuisiniers, gardiens, partenaires sexuels, valets, messagers et espions. L\u2019augmentation de cas en trafic d\u2019enfants au Cameroun \u00e0 pour cause majeure l\u2019absence de mesures concr\u00e8tes pour bannir la r\u00e9p\u00e9tition de cette pratique.<\/p>\n<p style=\"text-align: justify;\">Le gouvernement am\u00e9ricain,<a href=\"#_ftn1\" name=\"_ftnref1\">[1]<\/a> par le truchement de l\u2019Ambassade des Etats-Unis au Cameroun, a en 2016 dress\u00e9 un rapport sur le trafic de personnes et a r\u00e9v\u00e9l\u00e9 que l\u2019Unit\u00e9 ainsi que le Comit\u00e9 Interminist\u00e9riel\u00a0 de Lutte contre le Trafic de Personnes manquent de fonds et autres ressources n\u00e9cessaires \u00e0 l\u2019accomplissement de leur mission. Comme r\u00e9sultats, seulement deux enqu\u00eates \u00a0r\u00e9gionales sur les crimes de trafic ont \u00e9t\u00e9 men\u00e9es en 2016.<\/p>\n<p style=\"text-align: justify;\">En outre, le gouvernement du Cameroun a pratiquement \u00e9chou\u00e9 de juger les pr\u00e9sum\u00e9s auteurs de trafic. Il a en effet \u00e9chou\u00e9 de respecter les conditions qu\u2019il a mises en place pour le jugement des trafiquants, a rendu des jugements assortis de sursis \u00e0 l\u2019encontre des trafiquants et a permis le\u00a0 r\u00e8glement \u00e0 l\u2019amiable entres les parties en dehors de toute proc\u00e9dure judiciaire.<\/p>\n<p style=\"text-align: justify;\">De surcro\u00eet, le Cameroun n\u2019a pas donn\u00e9 de formation voulue \u00e0 ses forces de l\u2019ordre et n\u2019a pas mis en place un m\u00e9canisme ou service d\u2019assistance dans le rapatriement des victimes du trafic identifi\u00e9es \u00e0 l\u2019\u00e9tranger.<\/p>\n<p style=\"text-align: justify;\">Nous demandons alors au Comit\u00e9 de recommander au Cameroun\u00a0:<\/p>\n<ol style=\"text-align: justify;\">\n<li>De multiplier ses efforts pour enqu\u00eater, arr\u00eater et juger les auteurs du trafic d\u2019enfants y compris les fonctionnaires complices\u00a0;<\/li>\n<li>D\u2019assister les victimes dans leur rapatriement et mettre en place des lois \u00e9dictant des mesures de protection des victimes\u00a0;<\/li>\n<li>D\u2019augmenter la collaboration avec les pays voisins et les ONG dans le d\u00e9mant\u00e8lement des r\u00e9seaux des trafiquants, dans l\u2019identification et la protection des victimes ainsi que dans la sensibilisation nationale et au niveau de l\u2019Afrique Centrale\u00a0;<\/li>\n<li>D\u2019accorder des fonds et de donner une formation voulue aux membres du Comit\u00e9 Interminist\u00e9riel et de l\u2019Unit\u00e9 R\u00e9gionale de lutte contre le trafic.<\/li>\n<li>De multiplier les formations \u00e0 l\u2019endroit des agents de l\u2019ordre, du personnel judiciaire, des assistants sociaux sur les dispositions du Code P\u00e9nal pertinentes \u00e0 la lutte contre le trafic, de former les agents du gouvernement et sensibiliser les ONG sur les proc\u00e9dures standards auxquelles se conformer dans l\u2019orientation des victimes vers les services pouvant leur venir en aide.<\/li>\n<\/ol>\n<p><a href=\"http:\/\/www.ihrda.org\/wp-content\/uploads\/2018\/04\/IMG-20180424-WA0019.jpg\"><img loading=\"lazy\" decoding=\"async\" class=\"alignnone size-medium wp-image-7190\" src=\"http:\/\/www.ihrda.org\/wp-content\/uploads\/2018\/04\/IMG-20180424-WA0019-300x177.jpg\" alt=\"\" width=\"300\" height=\"177\" data-id=\"7190\" srcset=\"https:\/\/www.ihrda.org\/wp-content\/uploads\/2018\/04\/IMG-20180424-WA0019-300x177.jpg 300w, https:\/\/www.ihrda.org\/wp-content\/uploads\/2018\/04\/IMG-20180424-WA0019-768x452.jpg 768w, https:\/\/www.ihrda.org\/wp-content\/uploads\/2018\/04\/IMG-20180424-WA0019-1024x603.jpg 1024w, https:\/\/www.ihrda.org\/wp-content\/uploads\/2018\/04\/IMG-20180424-WA0019.jpg 1040w\" sizes=\"(max-width: 300px) 100vw, 300px\" \/><\/a><\/p>\n<p style=\"text-align: justify;\"><a href=\"#_ftnref1\" name=\"_ftn1\">[1]<\/a> https:\/\/www.state.gov\/j\/tip\/rls\/tiprpt\/countries\/2016\/258739.htm<\/p>\n","protected":false},"excerpt":{"rendered":"<p>Le 24 avril 2018 Madame la Pr\u00e9sidente du Comit\u00e9, Mesdames et Messieurs les Membres du Comit\u00e9, Distingu\u00e9s Participants\u00a0; L\u2019Institut pour les Droits de l\u2019Homme et&#8230;<\/p>\n","protected":false},"author":7,"featured_media":0,"comment_status":"closed","ping_status":"closed","sticky":false,"template":"","format":"standard","meta":{"footnotes":""},"categories":[219,62],"tags":[],"_links":{"self":[{"href":"https:\/\/www.ihrda.org\/fr\/wp-json\/wp\/v2\/posts\/7188"}],"collection":[{"href":"https:\/\/www.ihrda.org\/fr\/wp-json\/wp\/v2\/posts"}],"about":[{"href":"https:\/\/www.ihrda.org\/fr\/wp-json\/wp\/v2\/types\/post"}],"author":[{"embeddable":true,"href":"https:\/\/www.ihrda.org\/fr\/wp-json\/wp\/v2\/users\/7"}],"replies":[{"embeddable":true,"href":"https:\/\/www.ihrda.org\/fr\/wp-json\/wp\/v2\/comments?post=7188"}],"version-history":[{"count":5,"href":"https:\/\/www.ihrda.org\/fr\/wp-json\/wp\/v2\/posts\/7188\/revisions"}],"predecessor-version":[{"id":7200,"href":"https:\/\/www.ihrda.org\/fr\/wp-json\/wp\/v2\/posts\/7188\/revisions\/7200"}],"wp:attachment":[{"href":"https:\/\/www.ihrda.org\/fr\/wp-json\/wp\/v2\/media?parent=7188"}],"wp:term":[{"taxonomy":"category","embeddable":true,"href":"https:\/\/www.ihrda.org\/fr\/wp-json\/wp\/v2\/categories?post=7188"},{"taxonomy":"post_tag","embeddable":true,"href":"https:\/\/www.ihrda.org\/fr\/wp-json\/wp\/v2\/tags?post=7188"}],"curies":[{"name":"wp","href":"https:\/\/api.w.org\/{rel}","templated":true}]}}