{"id":7014,"date":"2018-02-13T17:15:05","date_gmt":"2018-02-13T17:15:05","guid":{"rendered":"http:\/\/www.ihrda.org\/?p=7014"},"modified":"2018-02-13T17:15:05","modified_gmt":"2018-02-13T17:15:05","slug":"le-contentieux-strategique-sur-les-droits-de-lenfant-en-afrique-ihrda-organise-un-atelier-de-formation-et-didentification-des-cas-de-violation-avec-les-osc-en-af","status":"publish","type":"post","link":"https:\/\/www.ihrda.org\/fr\/2018\/02\/le-contentieux-strategique-sur-les-droits-de-lenfant-en-afrique-ihrda-organise-un-atelier-de-formation-et-didentification-des-cas-de-violation-avec-les-osc-en-af\/","title":{"rendered":"Le\u00a0contentieux strat\u00e9gique sur les droits de l\u2019enfant en Afrique: IHRDA organise un atelier\u00a0de formation et d\u2019identification des cas de violation avec les\u00a0OSC\u00a0en Afrique centrale et occidentale"},"content":{"rendered":"<p style=\"text-align: justify;\"><em>Banjul, le 11 f\u00e9vrier 2018<\/em><\/p>\n<p>IHRDA organise un atelier de formation de trois jours sur le\u00a0contentieux en mati\u00e8re des\u00a0droits de l&rsquo;enfant en Afrique avec 20 d\u00e9fenseurs des droits de l&rsquo;enfant venant de l&rsquo;Afrique centrale et occidentale, en collaboration avec le Bureau r\u00e9gional de\u00a0Plan International en Afrique de l&rsquo;Ouest.<\/p>\n<p>L\u2019atelier se d\u00e9roule du 13 au 15 f\u00e9vrier 2018 \u00e0 Dakar, au S\u00e9n\u00e9gal.<\/p>\n<p><img loading=\"lazy\" decoding=\"async\" class=\"alignleft size-medium wp-image-7005\" src=\"https:\/\/www.ihrda.org\/wp-content\/uploads\/2018\/02\/IMG-20180213-WA0003-300x154.jpg\" alt=\"\" width=\"300\" height=\"154\" data-id=\"7005\" srcset=\"https:\/\/www.ihrda.org\/wp-content\/uploads\/2018\/02\/IMG-20180213-WA0003-300x154.jpg 300w, https:\/\/www.ihrda.org\/wp-content\/uploads\/2018\/02\/IMG-20180213-WA0003-768x394.jpg 768w, https:\/\/www.ihrda.org\/wp-content\/uploads\/2018\/02\/IMG-20180213-WA0003.jpg 968w\" sizes=\"(max-width: 300px) 100vw, 300px\" \/>Les modules trait\u00e9s comprennent: le contenu normatif de la Charte africaine des droits et du bien-\u00eatre de l&rsquo;enfant; la proc\u00e9dure de communication du Comit\u00e9 africain d&rsquo;experts sur les droits et le bien-\u00eatre de l&rsquo;enfant (CAEDBE); les proc\u00e9dures des rapports des \u00c9tats et rapports compl\u00e9mentaires aupr\u00e8s du CAEDBE; statut d&rsquo;observateur aupr\u00e8s du CAEDBE; les d\u00e9fis des droits de l&rsquo;enfant en Afrique centrale et occidentale; d&rsquo;autres m\u00e9canismes r\u00e9gionaux et sous r\u00e9gionaux de protection des droits de l&rsquo;enfant; et le contentieux strat\u00e9gique en mati\u00e8re des droits de l&rsquo;enfant en Afrique.<\/p>\n<p>Les participants vont aussi plaider un cas hypoth\u00e9tique au cours de\u00a0la formation qui leur permettra de d\u00e9montrer les connaissances et comp\u00e9tences acquises, ce qui sera suivi de l\u2019identification des potentiels cas de violations des droits de l\u2019enfant pour d&rsquo;\u00e9ventuels contentieux devant les m\u00e9canismes comp\u00e9tents, notamment le CAEDBE et la Cour de Justice de la CEDEAO.<img loading=\"lazy\" decoding=\"async\" class=\"alignleft size-medium wp-image-7007\" src=\"https:\/\/www.ihrda.org\/wp-content\/uploads\/2018\/02\/Ayalew-presenting-300x213.jpg\" alt=\"\" width=\"300\" height=\"213\" data-id=\"7007\" srcset=\"https:\/\/www.ihrda.org\/wp-content\/uploads\/2018\/02\/Ayalew-presenting-300x213.jpg 300w, https:\/\/www.ihrda.org\/wp-content\/uploads\/2018\/02\/Ayalew-presenting-768x545.jpg 768w, https:\/\/www.ihrda.org\/wp-content\/uploads\/2018\/02\/Ayalew-presenting-1024x726.jpg 1024w, https:\/\/www.ihrda.org\/wp-content\/uploads\/2018\/02\/Ayalew-presenting.jpg 1486w\" sizes=\"(max-width: 300px) 100vw, 300px\" \/><\/p>\n<p>Cet atelier se situe dans un contexte o\u00f9 la pr\u00e9valence des violations des droits de l&rsquo;enfant persiste sur le continent, alors que les d\u00e9fenseurs des droits de\u00a0l\u2019enfant n&rsquo;exploitent pas suffisamment les m\u00e9canismes disponibles sur le continent pour engager des plaidoyers juridiques en faveur des enfants.<\/p>\n<p>Cette activit\u00e9 fait partie du Programme panafricain de redevabilit\u00e9 des \u00c9tats (PASAP), coordonn\u00e9 par Plan International.<\/p>\n","protected":false},"excerpt":{"rendered":"<p>Banjul, le 11 f\u00e9vrier 2018 IHRDA organise un atelier de formation de trois jours sur le\u00a0contentieux en mati\u00e8re des\u00a0droits de l&rsquo;enfant en Afrique avec 20&#8230;<\/p>\n","protected":false},"author":7,"featured_media":0,"comment_status":"closed","ping_status":"closed","sticky":false,"template":"","format":"standard","meta":{"footnotes":""},"categories":[410,62,326],"tags":[],"_links":{"self":[{"href":"https:\/\/www.ihrda.org\/fr\/wp-json\/wp\/v2\/posts\/7014"}],"collection":[{"href":"https:\/\/www.ihrda.org\/fr\/wp-json\/wp\/v2\/posts"}],"about":[{"href":"https:\/\/www.ihrda.org\/fr\/wp-json\/wp\/v2\/types\/post"}],"author":[{"embeddable":true,"href":"https:\/\/www.ihrda.org\/fr\/wp-json\/wp\/v2\/users\/7"}],"replies":[{"embeddable":true,"href":"https:\/\/www.ihrda.org\/fr\/wp-json\/wp\/v2\/comments?post=7014"}],"version-history":[{"count":1,"href":"https:\/\/www.ihrda.org\/fr\/wp-json\/wp\/v2\/posts\/7014\/revisions"}],"predecessor-version":[{"id":7015,"href":"https:\/\/www.ihrda.org\/fr\/wp-json\/wp\/v2\/posts\/7014\/revisions\/7015"}],"wp:attachment":[{"href":"https:\/\/www.ihrda.org\/fr\/wp-json\/wp\/v2\/media?parent=7014"}],"wp:term":[{"taxonomy":"category","embeddable":true,"href":"https:\/\/www.ihrda.org\/fr\/wp-json\/wp\/v2\/categories?post=7014"},{"taxonomy":"post_tag","embeddable":true,"href":"https:\/\/www.ihrda.org\/fr\/wp-json\/wp\/v2\/tags?post=7014"}],"curies":[{"name":"wp","href":"https:\/\/api.w.org\/{rel}","templated":true}]}}