{"id":6862,"date":"2017-10-17T15:51:22","date_gmt":"2017-10-17T15:51:22","guid":{"rendered":"http:\/\/www.ihrda.org\/?p=6862"},"modified":"2017-10-17T15:52:11","modified_gmt":"2017-10-17T15:52:11","slug":"ihrda-fait-la-promotion-du-system-africain-des-droits-de-lhomme-en-suede","status":"publish","type":"post","link":"https:\/\/www.ihrda.org\/fr\/2017\/10\/ihrda-fait-la-promotion-du-system-africain-des-droits-de-lhomme-en-suede\/","title":{"rendered":"IHRDA fait la promotion du systeme africain des droits de l\u2019homme en Su\u00e8de"},"content":{"rendered":"<p style=\"text-align: justify;\"><strong><em>Banjul le 17\u00a0octobre 2017 <\/em><\/strong><\/p>\n<p style=\"text-align: justify;\">L&rsquo;IHRDA a fait une pr\u00e9sentation sur le syst\u00e8me africain des droits de l&rsquo;homme lors d&rsquo;un s\u00e9minaire organis\u00e9 par la Fondation su\u00e9doise pour les droits de l&rsquo;homme en Su\u00e8de le vendredi 13 octobre 2017. Ce s\u00e9minaire visait \u00e0 comprendre pourquoi et comment la communaut\u00e9 internationale soutient les syst\u00e8mes africain et interam\u00e9ricain des droits de l\u2019homme, ainsi que le r\u00f4le des organisations de la soci\u00e9t\u00e9 civile dans\u00a0ces syst\u00e8mes. Les participants \u00e9taient principalement les acteurs de la soci\u00e9t\u00e9 civile su\u00e9doise travaillant avec des organisations au sein des syst\u00e8mes africain\u00a0et interam\u00e9ricain\u00a0des droits de l&rsquo;homme.\u00a0L\u2019organisation colombienne de droits de l\u2019homme le CCAJAR a parl\u00e9 du system interam\u00e9ricain des droits de l\u2019homme.<img loading=\"lazy\" decoding=\"async\" class=\"alignleft size-medium wp-image-6843\" src=\"http:\/\/www.ihrda.org\/wp-content\/uploads\/2017\/10\/Gaye-at-SFHR-4-300x225.jpg\" alt=\"\" width=\"300\" height=\"225\" data-id=\"6843\" srcset=\"https:\/\/www.ihrda.org\/wp-content\/uploads\/2017\/10\/Gaye-at-SFHR-4-300x225.jpg 300w, https:\/\/www.ihrda.org\/wp-content\/uploads\/2017\/10\/Gaye-at-SFHR-4-768x576.jpg 768w, https:\/\/www.ihrda.org\/wp-content\/uploads\/2017\/10\/Gaye-at-SFHR-4-1024x768.jpg 1024w\" sizes=\"(max-width: 300px) 100vw, 300px\" \/><\/p>\n<p>Le 16 octobre 2017, l&rsquo;IHRDA a effectu\u00e9 une visite de travail \u00e0 \u00abPlan International\u00bb et \u00e0 \u00abSave the Children International\u00bb en Su\u00e8de et a parl\u00e9 de son travail, en particulier dans le cadre du projet de la charte africaine des enfants, et du syst\u00e8me africain des droits de l&rsquo;homme.<\/p>\n","protected":false},"excerpt":{"rendered":"<p>Banjul le 17\u00a0octobre 2017 L&rsquo;IHRDA a fait une pr\u00e9sentation sur le syst\u00e8me africain des droits de l&rsquo;homme lors d&rsquo;un s\u00e9minaire organis\u00e9 par la Fondation su\u00e9doise&#8230;<\/p>\n","protected":false},"author":7,"featured_media":0,"comment_status":"closed","ping_status":"closed","sticky":false,"template":"","format":"standard","meta":{"footnotes":""},"categories":[62],"tags":[],"_links":{"self":[{"href":"https:\/\/www.ihrda.org\/fr\/wp-json\/wp\/v2\/posts\/6862"}],"collection":[{"href":"https:\/\/www.ihrda.org\/fr\/wp-json\/wp\/v2\/posts"}],"about":[{"href":"https:\/\/www.ihrda.org\/fr\/wp-json\/wp\/v2\/types\/post"}],"author":[{"embeddable":true,"href":"https:\/\/www.ihrda.org\/fr\/wp-json\/wp\/v2\/users\/7"}],"replies":[{"embeddable":true,"href":"https:\/\/www.ihrda.org\/fr\/wp-json\/wp\/v2\/comments?post=6862"}],"version-history":[{"count":2,"href":"https:\/\/www.ihrda.org\/fr\/wp-json\/wp\/v2\/posts\/6862\/revisions"}],"predecessor-version":[{"id":6864,"href":"https:\/\/www.ihrda.org\/fr\/wp-json\/wp\/v2\/posts\/6862\/revisions\/6864"}],"wp:attachment":[{"href":"https:\/\/www.ihrda.org\/fr\/wp-json\/wp\/v2\/media?parent=6862"}],"wp:term":[{"taxonomy":"category","embeddable":true,"href":"https:\/\/www.ihrda.org\/fr\/wp-json\/wp\/v2\/categories?post=6862"},{"taxonomy":"post_tag","embeddable":true,"href":"https:\/\/www.ihrda.org\/fr\/wp-json\/wp\/v2\/tags?post=6862"}],"curies":[{"name":"wp","href":"https:\/\/api.w.org\/{rel}","templated":true}]}}