{"id":6496,"date":"2016-09-23T08:17:37","date_gmt":"2016-09-23T08:17:37","guid":{"rendered":"http:\/\/www.ihrda.org\/fr\/?p=6496"},"modified":"2016-09-23T10:06:07","modified_gmt":"2016-09-23T10:06:07","slug":"communique-de-presse-ihrda-mdt-portent-plainte-contre-la-republique-de-guinee-devant-la-cour-de-la-cedeao-concernant-la-mort-dun-refugies-liberien-en-detention","status":"publish","type":"post","link":"https:\/\/www.ihrda.org\/fr\/2016\/09\/communique-de-presse-ihrda-mdt-portent-plainte-contre-la-republique-de-guinee-devant-la-cour-de-la-cedeao-concernant-la-mort-dun-refugies-liberien-en-detention\/","title":{"rendered":"Communiqu\u00e9 de presse: IHRDA &#038; MDT portent plainte contre la R\u00e9publique de Guin\u00e9e devant la Cour de la CEDEAO concernant la mort d\u2019un r\u00e9fugi\u00e9 en d\u00e9tention"},"content":{"rendered":"<p style=\"text-align: justify;\"><em><strong>Banjul, le 23 Septembre 2016<\/strong><\/em><\/p>\n<p style=\"text-align: justify;\">Jeudi le 22 septembre 2016, l&rsquo;Institut des droits de l&rsquo;homme et du d\u00e9veloppement en Afrique (IHRDA) et l&rsquo;organisation non-gouvernementale bas\u00e9e en Guin\u00e9e-Les M\u00eames Droits pour Tous (MDT) ont d\u00e9pos\u00e9 une autre plainte contre la R\u00e9publique de Guin\u00e9e devant la Cour de justice de la Communaut\u00e9 Economique des Etats de l\u2019Afrique de l\u2019Ouest (la Cour de la CEDEAO).<\/p>\n<p style=\"text-align: justify;\">La plainte se rapporte \u00e0 la mort d&rsquo;un r\u00e9fugi\u00e9 lib\u00e9rien en 2011 pendant qu\u2019il \u00e9tait aux mains des gendarmes guin\u00e9ens.<\/p>\n<p style=\"text-align: justify;\">La victime a \u00e9t\u00e9 brutalement battue, tu\u00e9e et jet\u00e9e dans l&rsquo;eau par quatre (4) agents de la brigade guin\u00e9enne. Des t\u00e9moins oculaires ont confirm\u00e9 cette all\u00e9gation. Les autorit\u00e9s guin\u00e9ennes ont ouvert une enqu\u00eate pour \u00e9tablir la v\u00e9rit\u00e9 sur sa mort. Mais elles n\u2019ont pas ordonn\u00e9 une autopsie alors que le corps de la victime gisait dans la morgue de l\u2019h\u00f4pital et ont permis \u00e0 la famille de lever et enterrer son cadavre sans autopsie. Les autorit\u00e9s polici\u00e8res ainsi que les 4 accus\u00e9s ont fourni des explications incoh\u00e9rentes \/ contradictoires sur les circonstances de sa mort. Bien que les quatre brigadiers aient refus\u00e9 de r\u00e9pondre aux convocations judiciaires, la direction de la brigade n&rsquo;a rien fait pour les forcer \u00e0 comparaitre.<\/p>\n<p style=\"text-align: justify;\">Les plaignants all\u00e8guent la violation de plusieurs droits, notamment le droit de la victime de ne pas \u00eatre soumise \u00e0 la torture et le droit \u00e0 la vie. Les plaignants font \u00e9galement valoir que le Gouvernement de la Guin\u00e9e a manqu\u00e9 \u00e0 son obligation de pr\u00e9venir la torture, de mener une enqu\u00eate effective sur l\u2019incident, de traduire les coupables en justice, et de fournir r\u00e9paration \u00e0 aux ayants droit de la victime.<\/p>\n<p style=\"text-align: justify;\">Sur la base de ce qui pr\u00e9c\u00e8de, les plaignants demandent \u00e0 la Cour de la CEDEAO, entre autres, de:<\/p>\n<ul style=\"text-align: justify;\">\n<li>Constater que la R\u00e9publique de Guin\u00e9e a viol\u00e9 les droits \u00e9voqu\u00e9s dans la plainte;<\/li>\n<li>Enjoindre \u00e0 la R\u00e9publique de Guin\u00e9e de mener une enqu\u00eate prompte et efficace sur violations et de traduire les auteurs en justice;<\/li>\n<li>Enjoindre \u00e0 la R\u00e9publique de Guin\u00e9e de prendre des mesures sp\u00e9cifiques en vue de r\u00e9parer les dommages et pr\u00e9judices subis par les ayants droits de la victime;<\/li>\n<li>Enjoindre \u00e0 la R\u00e9publique de Guin\u00e9e de promulguer une loi sp\u00e9cifique qui interdit \/ sanctionne la torture conform\u00e9ment \u00e0 ses obligations internationales, et de mettre en place d&rsquo;autres mesures l\u00e9gislatives, administratives et \u00e9ducatives qui peuvent contribuer \u00e0 pr\u00e9venir la torture et la violence en d\u00e9tention.<\/li>\n<\/ul>\n<p style=\"text-align: justify;\">Il convient de noter que la torture perp\u00e9tr\u00e9e par des agents de l&rsquo;Etat en Guin\u00e9e est end\u00e9mique; n\u00e9anmoins, le gouvernement n&rsquo;a pas pris de mesures suffisantes pour mettre un terme \u00e0 la pratique ou en punir les auteurs, perp\u00e9tuant ainsi un climat d&rsquo;impunit\u00e9.<\/p>\n<p style=\"text-align: justify;\">La Guin\u00e9e a ratifi\u00e9 les principaux instruments de l&rsquo;Union africaine et des Nations Unies qui interdisent les violations all\u00e9gu\u00e9es dans cette affaire, notamment la Charte africaine des droits de l\u2019homme et des peuples, la Convention des Nations Unies contre la torture et autres peines ou traitements cruels, inhumains ou d\u00e9gradants, et le Pacte international relatif aux droits civils et politiques.<\/p>\n","protected":false},"excerpt":{"rendered":"<p>Banjul, le 23 Septembre 2016 Jeudi le 22 septembre 2016, l&rsquo;Institut des droits de l&rsquo;homme et du d\u00e9veloppement en Afrique (IHRDA) et l&rsquo;organisation non-gouvernementale bas\u00e9e&#8230;<\/p>\n","protected":false},"author":7,"featured_media":0,"comment_status":"closed","ping_status":"closed","sticky":false,"template":"","format":"standard","meta":{"footnotes":""},"categories":[219,62,72],"tags":[],"_links":{"self":[{"href":"https:\/\/www.ihrda.org\/fr\/wp-json\/wp\/v2\/posts\/6496"}],"collection":[{"href":"https:\/\/www.ihrda.org\/fr\/wp-json\/wp\/v2\/posts"}],"about":[{"href":"https:\/\/www.ihrda.org\/fr\/wp-json\/wp\/v2\/types\/post"}],"author":[{"embeddable":true,"href":"https:\/\/www.ihrda.org\/fr\/wp-json\/wp\/v2\/users\/7"}],"replies":[{"embeddable":true,"href":"https:\/\/www.ihrda.org\/fr\/wp-json\/wp\/v2\/comments?post=6496"}],"version-history":[{"count":0,"href":"https:\/\/www.ihrda.org\/fr\/wp-json\/wp\/v2\/posts\/6496\/revisions"}],"wp:attachment":[{"href":"https:\/\/www.ihrda.org\/fr\/wp-json\/wp\/v2\/media?parent=6496"}],"wp:term":[{"taxonomy":"category","embeddable":true,"href":"https:\/\/www.ihrda.org\/fr\/wp-json\/wp\/v2\/categories?post=6496"},{"taxonomy":"post_tag","embeddable":true,"href":"https:\/\/www.ihrda.org\/fr\/wp-json\/wp\/v2\/tags?post=6496"}],"curies":[{"name":"wp","href":"https:\/\/api.w.org\/{rel}","templated":true}]}}