{"id":6240,"date":"2015-12-10T13:51:07","date_gmt":"2015-12-10T13:51:07","guid":{"rendered":"http:\/\/www.ihrda.org\/fr\/?p=6240"},"modified":"2015-12-10T13:51:07","modified_gmt":"2015-12-10T13:51:07","slug":"commemoration-de-la-journee-internationale-des-droits-de-lhomme-2015-sous-le-theme-nos-droits-nos-libertes-toujours","status":"publish","type":"post","link":"https:\/\/www.ihrda.org\/fr\/2015\/12\/commemoration-de-la-journee-internationale-des-droits-de-lhomme-2015-sous-le-theme-nos-droits-nos-libertes-toujours\/","title":{"rendered":"Comm\u00e9moration de la journ\u00e9e internationale des droits de l\u2019homme 2015 sous le th\u00e8me: Nos droits. Nos libert\u00e9s. Toujours."},"content":{"rendered":"<p>Le 10 d\u00e9cembre est c\u00e9l\u00e9br\u00e9e chaque ann\u00e9e comme la journ\u00e9e des droits de l&rsquo;homme en comm\u00e9moration de l&rsquo;adoption par les Nations Unies de la d\u00e9claration universelle des droits de l&rsquo;homme (DUDH) le 10 d\u00e9cembre 1948.<\/p>\n<p>La c\u00e9l\u00e9bration est unique cette ann\u00e9e, car elle marque le 50<sup>\u00e8me<\/sup> anniversaire de l&rsquo;adoption du pacte international relatif aux droits \u00e9conomiques, sociaux et culturels et le pacte international relatif aux droits civils et politiques. Ces deux trait\u00e9s compl\u00e8tent la DUDH et ont jou\u00e9 un r\u00f4le crucial pour fa\u00e7onner les droits internationaux tels que nous les connaissons aujourd&rsquo;hui.<\/p>\n<p>Le th\u00e8me de cette ann\u00e9e sous-titr\u00e9 \u00abNos droits. Nos libert\u00e9s. Toujours\u00bb, souligne le caract\u00e8re universel et inali\u00e9nable des droits de l&rsquo;homme. Les droits de l&rsquo;homme appartiennent \u00e0 tous les \u00eatres humains sans distinction de race, de nationalit\u00e9, de sexe ou d&rsquo;autres classifications sociales. Les droits de l&rsquo;homme sont inali\u00e9nables en ce qu\u2019ils s\u2019attachent \u00e0 toute personne humaine, ind\u00e9pendamment des \u00e9poques.<\/p>\n<p>Au moment o\u00f9 le Bureau du Haut-Commissariat des Nations Unies aux Droits de l\u2019Homme lance une campagne d&rsquo;un an visant \u00e0 faire la lumi\u00e8re sur les droits des citoyens du monde d&rsquo;aujourd&rsquo;hui, l&rsquo;IHRDA renouvelle sa foi dans les droits inali\u00e9nables et inh\u00e9rents \u00e0 tous les Africains, et poursuivra son engagement \u00e0 promouvoir l&rsquo;efficacit\u00e9 du syst\u00e8me africain des droits humains par la d\u00e9fense des victimes de violations des droits de l&rsquo;homme, \u00e9duquer et informer les acteurs et parties prenantes en vue de soutenir leurs efforts dans la promotion et la protection des droits de l&rsquo;homme sur le continent.<\/p>\n","protected":false},"excerpt":{"rendered":"<p>Le 10 d\u00e9cembre est c\u00e9l\u00e9br\u00e9e chaque ann\u00e9e comme la journ\u00e9e des droits de l&rsquo;homme en comm\u00e9moration de l&rsquo;adoption par les Nations Unies de la d\u00e9claration&#8230;<\/p>\n","protected":false},"author":7,"featured_media":0,"comment_status":"closed","ping_status":"closed","sticky":false,"template":"","format":"standard","meta":{"footnotes":""},"categories":[219,62],"tags":[],"_links":{"self":[{"href":"https:\/\/www.ihrda.org\/fr\/wp-json\/wp\/v2\/posts\/6240"}],"collection":[{"href":"https:\/\/www.ihrda.org\/fr\/wp-json\/wp\/v2\/posts"}],"about":[{"href":"https:\/\/www.ihrda.org\/fr\/wp-json\/wp\/v2\/types\/post"}],"author":[{"embeddable":true,"href":"https:\/\/www.ihrda.org\/fr\/wp-json\/wp\/v2\/users\/7"}],"replies":[{"embeddable":true,"href":"https:\/\/www.ihrda.org\/fr\/wp-json\/wp\/v2\/comments?post=6240"}],"version-history":[{"count":0,"href":"https:\/\/www.ihrda.org\/fr\/wp-json\/wp\/v2\/posts\/6240\/revisions"}],"wp:attachment":[{"href":"https:\/\/www.ihrda.org\/fr\/wp-json\/wp\/v2\/media?parent=6240"}],"wp:term":[{"taxonomy":"category","embeddable":true,"href":"https:\/\/www.ihrda.org\/fr\/wp-json\/wp\/v2\/categories?post=6240"},{"taxonomy":"post_tag","embeddable":true,"href":"https:\/\/www.ihrda.org\/fr\/wp-json\/wp\/v2\/tags?post=6240"}],"curies":[{"name":"wp","href":"https:\/\/api.w.org\/{rel}","templated":true}]}}