{"id":4006,"date":"2012-08-23T10:27:00","date_gmt":"2012-08-23T10:27:00","guid":{"rendered":"http:\/\/www.ihrda.org\/?p=4006"},"modified":"2012-11-26T09:56:07","modified_gmt":"2012-11-26T09:56:07","slug":"ihrda-participe-au-forum-sur-la-mise-en-oeuvre-de-la-cedeao","status":"publish","type":"post","link":"https:\/\/www.ihrda.org\/fr\/2012\/08\/ihrda-participe-au-forum-sur-la-mise-en-oeuvre-de-la-cedeao\/","title":{"rendered":"IHRDA participe au forum sur la mise en \u0153uvre de la CEDEAO"},"content":{"rendered":"<p>Le juriste principal de l&rsquo;Institute for Human Rights and Development in Africa (IHRDA) a particip\u00e9 au forum r\u00e9gional de la soci\u00e9t\u00e9 civile ayant pour th\u00e8me: \u00abL&rsquo;ex\u00e9cution des arr\u00eats de la Cour de Justice de la CEDEAO (CJC) et implications sur la d\u00e9mocratie et les droits humains en Afrique de l&rsquo;Ouest \u00bb tenu \u00e0 Abuja (Nig\u00e9ria) en Juillet 2012.<\/p>\n<p>&nbsp;<\/p>\n<p>Le but de ce forum \u00e9tait de r\u00e9affirmer les r\u00f4les de la CJCC dans la promotion et la protection des droits humains et de l\u2019Etat de droit en Afrique occidentale. Un de ces r\u00f4les est de faire en sorte que les \u00c9tats membres adh\u00e8rent aux d\u00e9cisions de la CJCC, et de faire face au m\u00e9pris flagrant de certains \u00c9tats membres vis-\u00e0-vis des d\u00e9cisions prises.<\/p>\n<p>&nbsp;<\/p>\n<p>Lors du forum, les repr\u00e9sentants des Organisations de la Soci\u00e9t\u00e9 Civile de la CEDEAO ont adopt\u00e9 une d\u00e9claration qui impose des obligations aux institutions de la CEDEAO, aux \u00c9tats membres, aux OSC et associations du Barreau. Afin de r\u00e9soudre le probl\u00e8me de non-conformit\u00e9, les trois entit\u00e9s mentionn\u00e9es ci-dessus ont re\u00e7u les responsabilit\u00e9s respectives suivantes:<\/p>\n<p>&nbsp;<\/p>\n<p><strong>Institutions de la CEDEAO:<\/strong><\/p>\n<p>&nbsp;<\/p>\n<p>\u2022 Mettre en place un comit\u00e9 compos\u00e9 de repr\u00e9sentants de la Cour, de la Commission, du Conseil des Ministres et des organisations de la soci\u00e9t\u00e9 civile, qui devra suivre la mise en \u0153uvre et l&rsquo;ex\u00e9cution des d\u00e9cisions de la CJCC.<\/p>\n<p>\u2022 Les Chefs d&rsquo;\u00c9tats devront veiller \u00e0 ce que les d\u00e9cisions de la CJCC soient respect\u00e9es, en invoquant l&rsquo;article 77 du trait\u00e9 r\u00e9vis\u00e9 de la CEDEAO.<\/p>\n<p>\u2022 La publication par la Cour du statut de mise en \u0153uvre des d\u00e9cisions par les \u00c9tats.<\/p>\n<p>\u2022 Le droit de la CEDEAO doit \u00eatre incorpor\u00e9 dans le cadre des lois nationales.<\/p>\n<p>\u2022 L&rsquo;utilisation des nouvelles technologies pour porter plainte devant la Cour.<\/p>\n<p>&nbsp;<\/p>\n<p><strong>\u00c9tats membres:<\/strong><\/p>\n<p>&nbsp;<\/p>\n<p>\u2022 Mettre pleinement en \u0153uvre les d\u00e9cisions de la Cour.<\/p>\n<p>\u2022 Au niveau national, les d\u00e9cisions devraient tenir des pr\u00e9c\u00e9dents judiciaires de la Cour.<\/p>\n<p>\u2022 Les organismes d&rsquo;ex\u00e9cution doivent \u00eatre mis en place et habilit\u00e9s \u00e0 mettre en \u0153uvre les d\u00e9cisions de la Cour.<\/p>\n<p>&nbsp;<\/p>\n<p><strong>OSC \/ Barreaux:<\/strong><\/p>\n<p>&nbsp;<\/p>\n<p>\u2022 D\u00e9noncer publiquement les \u00c9tats membres qui ne respectent pas les d\u00e9cisions de la Cour.<\/p>\n<p>\u2022 Les OSC doivent collaborer entre elles et relever les d\u00e9fis li\u00e9s \u00e0 la mise en \u0153uvre.<\/p>\n<p>\u2022 Nommer et faire honte aux \u00c9tats membres qui refusent de se conformer aux d\u00e9cisions de la Cour.<\/p>\n<p>\u2022 F\u00e9liciter les \u00c9tats membres qui ont respect\u00e9 les d\u00e9cisions de la Cour.<\/p>\n<p>&nbsp;<\/p>\n<p>Afin de r\u00e9aliser son mandat de promotion et protection des droits\u00a0 humains, de la d\u00e9mocratie et de la bonne gouvernance en Afrique de l&rsquo;Ouest en particulier et en Afrique en g\u00e9n\u00e9ral, il est imp\u00e9ratif que la CJCC v\u00e9rifie le respect de ses d\u00e9cisions par les \u00c9tats membres.<\/p>\n","protected":false},"excerpt":{"rendered":"<p>Le juriste principal de l&rsquo;Institute for Human Rights and Development in Africa (IHRDA) a particip\u00e9 au forum r\u00e9gional de la soci\u00e9t\u00e9 civile ayant pour th\u00e8me:&#8230;<\/p>\n","protected":false},"author":7,"featured_media":0,"comment_status":"closed","ping_status":"closed","sticky":false,"template":"","format":"standard","meta":{"footnotes":""},"categories":[410,62,415],"tags":[],"_links":{"self":[{"href":"https:\/\/www.ihrda.org\/fr\/wp-json\/wp\/v2\/posts\/4006"}],"collection":[{"href":"https:\/\/www.ihrda.org\/fr\/wp-json\/wp\/v2\/posts"}],"about":[{"href":"https:\/\/www.ihrda.org\/fr\/wp-json\/wp\/v2\/types\/post"}],"author":[{"embeddable":true,"href":"https:\/\/www.ihrda.org\/fr\/wp-json\/wp\/v2\/users\/7"}],"replies":[{"embeddable":true,"href":"https:\/\/www.ihrda.org\/fr\/wp-json\/wp\/v2\/comments?post=4006"}],"version-history":[{"count":0,"href":"https:\/\/www.ihrda.org\/fr\/wp-json\/wp\/v2\/posts\/4006\/revisions"}],"wp:attachment":[{"href":"https:\/\/www.ihrda.org\/fr\/wp-json\/wp\/v2\/media?parent=4006"}],"wp:term":[{"taxonomy":"category","embeddable":true,"href":"https:\/\/www.ihrda.org\/fr\/wp-json\/wp\/v2\/categories?post=4006"},{"taxonomy":"post_tag","embeddable":true,"href":"https:\/\/www.ihrda.org\/fr\/wp-json\/wp\/v2\/tags?post=4006"}],"curies":[{"name":"wp","href":"https:\/\/api.w.org\/{rel}","templated":true}]}}