{"id":2177,"date":"2011-04-25T16:00:44","date_gmt":"2011-04-25T16:00:44","guid":{"rendered":"http:\/\/www.ihrda.org\/?p=2177"},"modified":"2011-04-27T09:33:14","modified_gmt":"2011-04-27T09:33:14","slug":"hommage-a-alpha-fall-2","status":"publish","type":"post","link":"https:\/\/www.ihrda.org\/fr\/2011\/04\/hommage-a-alpha-fall-2\/","title":{"rendered":"Hommage \u00e0 Alpha Fall"},"content":{"rendered":"<p style=\"text-align: justify;\">C\u2019est avec une profonde tristesse que nous annon\u00e7ons le d\u00e9c\u00e8s d\u2019Alpha Fall, co-fondateur de l\u2019IHRDA, le 21 avril 2011 \u00e0 Bruxelles, o\u00f9 qu\u2019il recevait des soins m\u00e9dicaux.<\/p>\n<p style=\"text-align: justify;\">La contribution d\u2019Alpha Fall \u00e0 la promotion des droits humains en Afrique a \u00e9t\u00e9 immense. Apr\u00e8s avoir travaill\u00e9 au Secr\u00e9tariat de la Commission Africaine des Droits de l\u2019Homme et des Peuples, Alpha devint co-fondateur de l\u2019Institute for Human Rights and Development in Africa (IHRDA) en 1997 et quelques ann\u00e9es plus tard, il en devient le directeur ex\u00e9cutif. Alpha croyait fermement dans la d\u00e9fense des droits de l\u2019homme en Afrique, et il a v\u00e9cu cette passion sans r\u00e9serve.<\/p>\n<p style=\"text-align: justify;\">La vision d\u2019Alpha pour l\u2019IHRDA \u00e9tait que cette organisation puisse contribuer \u00e0 rendre la Charte africaine r\u00e9elle et vivante \u00e0 travers la sensibilisation sur ses dispositions et ses m\u00e9canismes. Pour r\u00e9aliser cette vision, Alpha a utilis\u00e9 de beaucoup d\u2019intelligence, d\u2019\u00e9nergie, de d\u00e9termination, d\u2019int\u00e9grit\u00e9, d\u2019\u00e9loquence et de bonne humeur.<\/p>\n<p style=\"text-align: justify;\">Ceux qui le connaissent de loin pourraient de se souvenir de lui comme un participant de haut calibre aux rencontres des droits humains organis\u00e9es \u00e0 travers le continent africain. Par contre, ceux qui ont travaill\u00e9 avec lui se souviendront de ses fortes convictions et de son ardeur au travail, motiv\u00e9 par une profonde pr\u00e9occupation pour les victimes d\u2019injustices et soutenu par une chaleur personnelle.<\/p>\n<p style=\"text-align: justify;\">Alpha a aid\u00e9 \u00e0 former des centaines de d\u00e9fenseurs des droits de l\u2019homme afin que ces-derniers puissent promouvoir et prot\u00e9ger leurs droits. Il a enseign\u00e9 dans des universit\u00e9s, anim\u00e9 des ateliers de formation, et \u00e9tait un pionnier dans la soumission des plaintes au nom des victimes de violations des droits humains. Guid\u00e9 par sa conviction de mettre en place des institutions des droits humains qui servirait les causes communes plut\u00f4t que les individus, Alpha a aid\u00e9 \u00e0 faire de l\u2019IHRDA une institution qui a surv\u00e9cu au d\u00e9part de ses fondateurs.<\/p>\n<p style=\"text-align: justify;\">En tant que membre fondateur de la Rencontre africaine pour la d\u00e9fense des droits de l\u2019homme (RADDHO), Alpha a particip\u00e9 \u00e0 partir des ann\u00e9es 2000 \u00e0 toutes les activit\u00e9s de cette organisation li\u00e9es \u00e0 la promotion et \u00e0 l\u2019\u00e9ducation aux droits humains portant sur les trait\u00e9s, conventions et obligations internationaux des Etats africains sur les droits humains.<\/p>\n<p style=\"text-align: justify;\">Alpha a \u00e9tudi\u00e9 le droit \u00e0 l\u2019Universit\u00e9 Cheikh Anta Diop de Dakar. Apr\u00e8s l\u2019obtention de son dipl\u00f4me, il a travaill\u00e9 pour un temps \u00e0 IPRES, la Caisse s\u00e9n\u00e9galaise des retrait\u00e9s, avant de commencer son travail des droits de l\u2019homme. Il a obtenu un LLM de l\u2019Universit\u00e9 de Notre Dame, Indiana, Etats-Unis. Apr\u00e8s son d\u00e9part de l\u2019IHRDA en 2005, il a travaill\u00e9 pour le Centre international pour la justice transitionnelle et ensuite pour Global Rights \u00e0 Kinshasa. Au moment de son d\u00e9c\u00e8s, Alpha occupait le poste de chef de l\u2019Unit\u00e9 de la justice transitionnelle, HCDH de l\u2019ONU \u00e0 Bujumbura.<\/p>\n<p style=\"text-align: justify;\">En 2000, Alpha s\u2019est mari\u00e9 \u00e0 Nana Vyuzura et ils ont eu deux fils, Manel et Pape Ilhan, et une fille, Naila. IHRDA a ouvert un livre de condol\u00e9ances \u00e0 son si\u00e8ge \u00e0 Brusubi, en Gambie ainsi qu\u2019au lieu du forum des ONG pour recevoir des messages de condol\u00e9ances et des t\u00e9moignages qui seront transmis \u00e0 sa famille. Les fun\u00e9railles auront lieu \u00e0 St. Louis, au S\u00e9n\u00e9gal, le vendredi 29 avril 2011. Nos plus sinc\u00e8res condol\u00e9ances \u00e0 la famille d\u2019Alpha.<\/p>\n","protected":false},"excerpt":{"rendered":"<p>C\u2019est avec une profonde tristesse que nous annon\u00e7ons le d\u00e9c\u00e8s d\u2019Alpha Fall, co-fondateur de l\u2019IHRDA, le 21 avril 2011 \u00e0 Bruxelles, o\u00f9 qu\u2019il recevait des&#8230;<\/p>\n","protected":false},"author":7,"featured_media":0,"comment_status":"closed","ping_status":"closed","sticky":false,"template":"","format":"standard","meta":{"footnotes":""},"categories":[410,62],"tags":[],"_links":{"self":[{"href":"https:\/\/www.ihrda.org\/fr\/wp-json\/wp\/v2\/posts\/2177"}],"collection":[{"href":"https:\/\/www.ihrda.org\/fr\/wp-json\/wp\/v2\/posts"}],"about":[{"href":"https:\/\/www.ihrda.org\/fr\/wp-json\/wp\/v2\/types\/post"}],"author":[{"embeddable":true,"href":"https:\/\/www.ihrda.org\/fr\/wp-json\/wp\/v2\/users\/7"}],"replies":[{"embeddable":true,"href":"https:\/\/www.ihrda.org\/fr\/wp-json\/wp\/v2\/comments?post=2177"}],"version-history":[{"count":0,"href":"https:\/\/www.ihrda.org\/fr\/wp-json\/wp\/v2\/posts\/2177\/revisions"}],"wp:attachment":[{"href":"https:\/\/www.ihrda.org\/fr\/wp-json\/wp\/v2\/media?parent=2177"}],"wp:term":[{"taxonomy":"category","embeddable":true,"href":"https:\/\/www.ihrda.org\/fr\/wp-json\/wp\/v2\/categories?post=2177"},{"taxonomy":"post_tag","embeddable":true,"href":"https:\/\/www.ihrda.org\/fr\/wp-json\/wp\/v2\/tags?post=2177"}],"curies":[{"name":"wp","href":"https:\/\/api.w.org\/{rel}","templated":true}]}}