{"id":11369,"date":"2023-05-26T12:09:41","date_gmt":"2023-05-26T12:09:41","guid":{"rendered":"https:\/\/www.ihrda.org\/2023\/05\/renforcer-lacces-des-femmes-filles-a-la-justice-ihrda-apdf-organisent-une-formation-et-creent-un-pool-des-defenseurs-de-droits-des-femmes-au-mali\/"},"modified":"2023-05-26T12:10:37","modified_gmt":"2023-05-26T12:10:37","slug":"renforcer-lacces-des-femmes-filles-a-la-justice-ihrda-apdf-organisent-une-formation-et-creent-un-pool-des-defenseurs-de-droits-des-femmes-au-mali","status":"publish","type":"post","link":"https:\/\/www.ihrda.org\/fr\/2023\/05\/renforcer-lacces-des-femmes-filles-a-la-justice-ihrda-apdf-organisent-une-formation-et-creent-un-pool-des-defenseurs-de-droits-des-femmes-au-mali\/","title":{"rendered":"Renforcer l&rsquo;acc\u00e8s des femmes\/filles \u00e0 la justice : IHRDA, APDF organisent une formation et cr\u00e9ent un pool des d\u00e9fenseurs de droits des femmes au Mali"},"content":{"rendered":"\n<p><strong>Banjul, le 26 mai 2023 : <\/strong>IHRDA et Association pour le Progr\u00e8s et la D\u00e9fense des Droits des Femmes au Mali (APDF), vient d\u2019achever une formation en contentieux strat\u00e9gique sur les droits des femmes, tenue du 23 au 26 mai 2023 \u00e0 Bamako, \u00e0 l\u2019endroit des avocats et d\u00e9fenseurs de droits des femmes\/filles maliens.<\/p>\n\n<p>L&rsquo;atelier visait \u00e0 doter les participants de comp\u00e9tences pratiques en mati\u00e8re de contentieux strat\u00e9giques et de plaidoyer sur les questions de violations faites aux femmes\/filles, en utilisant les instruments et m\u00e9canismes r\u00e9gionaux de d\u00e9fense des droits de l&rsquo;homme.<\/p>\n\n<p>En plus de souligner les opportunit\u00e9s et les d\u00e9fis li\u00e9s \u00e0 l&rsquo;utilisation des instruments juridiques, tels que le Protocole \u00e0 la Charte africaine des droits de l&rsquo;homme et des peuples relatif aux droits des femmes en Afrique, pour mener les contentieux en mati\u00e8re de droits des femmes en Afrique de l&rsquo;Ouest francophone, les participants ont examin\u00e9 et trait\u00e9 quelques cas de violence et violations faites aux femmes et filles, dans le sens de contentieux strat\u00e9gique et plaidoyer juridique. <\/p>\n\n<p>L&rsquo;atelier s\u2019est cl\u00f4tur\u00e9 par la cr\u00e9ation d&rsquo;un pool baptis\u00e9 \u00ab POOL-ADDF-MALI \u00bb, compos\u00e9 d&rsquo;avocats et de d\u00e9fenseurs des droits des femmes participant \u00e0 l&rsquo;atelier en tant que membres fondateurs. Le pool vise \u00e0 se positionner comme un collectif d&rsquo;avocats et de d\u00e9fenseurs des droits de l&rsquo;homme pr\u00eats et disponibles \u00e0 venir en aide aux femmes et filles victimes de violations des droits de l&rsquo;homme au Mali. Les membres du pool s&rsquo;engagent \u00e0 travailler en synergie pour surveiller, documenter et rendre compte de la situation des droits des femmes\/filles au Mali et offrir aux victimes d&rsquo;abus une assistance juridique, pour un meilleur acc\u00e8s des femmes\/filles \u00e0 la justice aux niveaux national et supranational. <\/p>\n\n<p>L&rsquo;atelier s&rsquo;inscrit dans le cadre d&rsquo;un projet financ\u00e9 par la Foundation for a Just Society sur le renforcement de l&rsquo;acc\u00e8s des femmes\/filles \u00e0 la justice en Afrique de l&rsquo;Ouest francophone. Cette action fait suite \u00e0 la premi\u00e8re phase de l&rsquo;initiative qui s&rsquo;est d\u00e9roul\u00e9e de janvier 2020 \u00e0 juin 2022, impliquant le Burkina Faso, la C\u00f4te d&rsquo;Ivoire, le Mali et le S\u00e9n\u00e9gal. L&rsquo;une des recommandations majeures de la phase pr\u00e9c\u00e9dente \u00e9tait de fournir une formation plus intensive en contentieux strat\u00e9gique pour les principaux groupes cibles, et de les organiser en pools d&rsquo;avocats et de d\u00e9fenseurs de droits des femmes travaillant de fa\u00e7on proactive en synergie pour appuyer la protection des femmes\/filles et renforcer leur acc\u00e8s \u00e0 la justice. Il intervient apr\u00e8s des \u00e9v\u00e9nements similaires organis\u00e9s par IHRDA en <a href=\"https:\/\/www.ihrda.org\/fr\/2023\/05\/renforcer-lacces-des-femmes-filles-a-la-justice-ihrda-grash-organisent-une-formation-et-creent-un-pool-des-defenseurs-de-droits-des-femmes-en-cote-divoire\/\">C\u00f4te d&rsquo;Ivoire<\/a> en mai 2023 et au <a href=\"https:\/\/www.ihrda.org\/fr\/2023\/04\/renforcer-lacces-des-femmes-filles-a-la-justice-ihrda-grash-organisent-une-formation-et-creent-un-pool-des-defenseurs-de-droits-des-femmes-au-burkina-faso\/\">Burkina Faso<\/a> en avril 2023.<\/p>\n","protected":false},"excerpt":{"rendered":"<p>Banjul, le 26 mai 2023 : IHRDA et Association pour le Progr\u00e8s et la D\u00e9fense des Droits des Femmes au Mali (APDF), vient d\u2019achever une&#8230;<\/p>\n","protected":false},"author":10,"featured_media":11372,"comment_status":"closed","ping_status":"closed","sticky":false,"template":"","format":"standard","meta":{"footnotes":""},"categories":[410,62,427],"tags":[],"_links":{"self":[{"href":"https:\/\/www.ihrda.org\/fr\/wp-json\/wp\/v2\/posts\/11369"}],"collection":[{"href":"https:\/\/www.ihrda.org\/fr\/wp-json\/wp\/v2\/posts"}],"about":[{"href":"https:\/\/www.ihrda.org\/fr\/wp-json\/wp\/v2\/types\/post"}],"author":[{"embeddable":true,"href":"https:\/\/www.ihrda.org\/fr\/wp-json\/wp\/v2\/users\/10"}],"replies":[{"embeddable":true,"href":"https:\/\/www.ihrda.org\/fr\/wp-json\/wp\/v2\/comments?post=11369"}],"version-history":[{"count":1,"href":"https:\/\/www.ihrda.org\/fr\/wp-json\/wp\/v2\/posts\/11369\/revisions"}],"predecessor-version":[{"id":11370,"href":"https:\/\/www.ihrda.org\/fr\/wp-json\/wp\/v2\/posts\/11369\/revisions\/11370"}],"wp:featuredmedia":[{"embeddable":true,"href":"https:\/\/www.ihrda.org\/fr\/wp-json\/wp\/v2\/media\/11372"}],"wp:attachment":[{"href":"https:\/\/www.ihrda.org\/fr\/wp-json\/wp\/v2\/media?parent=11369"}],"wp:term":[{"taxonomy":"category","embeddable":true,"href":"https:\/\/www.ihrda.org\/fr\/wp-json\/wp\/v2\/categories?post=11369"},{"taxonomy":"post_tag","embeddable":true,"href":"https:\/\/www.ihrda.org\/fr\/wp-json\/wp\/v2\/tags?post=11369"}],"curies":[{"name":"wp","href":"https:\/\/api.w.org\/{rel}","templated":true}]}}